{"id":1106,"date":"2010-11-17T16:43:05","date_gmt":"2010-11-17T15:43:05","guid":{"rendered":"http:\/\/wp1180065.server-he.de\/wordpress\/rockwerkstatt\/?p=1106"},"modified":"2011-01-24T00:11:47","modified_gmt":"2011-01-23T23:11:47","slug":"luddi-hutch-hensle","status":"publish","type":"post","link":"https:\/\/www.rockwerkstatt.de\/?p=1106","title":{"rendered":"Luddi + Hutch Hensle"},"content":{"rendered":"<p>Ein alemannischer Songwriter Abend<\/p>\n<p><strong>Sa. 13.11.2010 &#8211; ab 21.oo Uhr<\/strong><\/p>\n<p><a href=\"http:\/\/wp1180065.server-he.de\/wordpress\/rockwerkstatt\/wp-content\/uploads\/2010\/09\/luddi3_hp.jpg\"><img loading=\"lazy\" decoding=\"async\" class=\"size-full wp-image-1110 alignleft\" title=\"luddi\" src=\"http:\/\/wp1180065.server-he.de\/wordpress\/rockwerkstatt\/wp-content\/uploads\/2010\/09\/luddi3_hp.jpg\" alt=\"\" width=\"300\" height=\"150\" \/><\/a><\/p>\n<p>Luddi sind die Preistr\u00e4ger des  baden-w\u00fcrttembergischen Musikpreises  2006 und des internationalen  Alemannen-Rockpreises 2007. Die f\u00fcnf  S\u00fcdschwarzw\u00e4lder singen wie sie  reden und reden wie sie denken \u2013  n\u00e4mlich alemannisch. Die klassische  Besetzung mit Gitarren, Bass und  Schlagzeug erh\u00e4lt durch wirkungsvoll  eingesetzte Bl\u00e4sers\u00e4tze und  Perkussionseinlagen den eigenst\u00e4ndigen  Luddi-Sound. In ihren Liedern  erz\u00e4hlen die Schwarzw\u00e4lder Geschichten  \u00fcber verr\u00fcckte Begebenheiten in  einer verr\u00fcckten Welt.<\/p>\n<p><a href=\"http:\/\/wp1180065.server-he.de\/wordpress\/rockwerkstatt\/wp-content\/uploads\/2010\/03\/Hutch.jpg\"><img loading=\"lazy\" decoding=\"async\" class=\"size-thumbnail wp-image-840 alignleft\" title=\"Hutch\" src=\"http:\/\/wp1180065.server-he.de\/wordpress\/rockwerkstatt\/wp-content\/uploads\/2010\/03\/Hutch-150x150.jpg\" alt=\"\" width=\"150\" height=\"150\" \/><\/a><\/p>\n<p>Hutch Hensle, unter anderem Pianist und S\u00e4nger der Poor Poets,  ist mit seinem neuem Soloprogramm &#8222;vun drusse noch drinne&#8220; unterwegs. Das  Besondere sind die Texte auf Alemannisch. Dennoch ist Hutch ist kein  strikter Mundart-Musiker. Er singt die Songs zwar mit vielen &#8222;isch&#8220; und  &#8222;weisch&#8220;, aber eben auch f\u00fcr einen hochdeutsch Sprechenden verst\u00e4ndlich.  Seine Lieder handeln von Anspr\u00fcchen und Wirklichkeiten, von  ausgelassenen und benutzten Fettn\u00e4pfchen und vom nicht immer banalen  Alltag zwischen privatem Gl\u00fcck und \u00f6ffentlich gemachtem Ungl\u00fcck.<\/p>\n<p style=\"text-align: center;\"><strong>Vorverkaufsinfo:<\/strong><\/p>\n<p>Karten im Vorverkauf gibt es f\u00fcr l\u00e4ppische 7,- Euro im KulTourB\u00fcro Lahr (im Alten Rathaus) oder \u00fcber unser Kartenbestellungsformular in der Kategorie &#8222;Events&#8220;.<\/p>\n","protected":false},"excerpt":{"rendered":"<p>Ein alemannischer Songwriter Abend Sa. 13.11.2010 &#8211; ab 21.oo Uhr&#8230;<\/p>\n","protected":false},"author":2,"featured_media":0,"comment_status":"open","ping_status":"open","sticky":false,"template":"","format":"standard","meta":{"footnotes":"","_links_to":"","_links_to_target":""},"categories":[1],"tags":[],"class_list":["post-1106","post","type-post","status-publish","format-standard","hentry","category-allgemein","wpcat-1-id"],"_links":{"self":[{"href":"https:\/\/www.rockwerkstatt.de\/index.php?rest_route=\/wp\/v2\/posts\/1106","targetHints":{"allow":["GET"]}}],"collection":[{"href":"https:\/\/www.rockwerkstatt.de\/index.php?rest_route=\/wp\/v2\/posts"}],"about":[{"href":"https:\/\/www.rockwerkstatt.de\/index.php?rest_route=\/wp\/v2\/types\/post"}],"author":[{"embeddable":true,"href":"https:\/\/www.rockwerkstatt.de\/index.php?rest_route=\/wp\/v2\/users\/2"}],"replies":[{"embeddable":true,"href":"https:\/\/www.rockwerkstatt.de\/index.php?rest_route=%2Fwp%2Fv2%2Fcomments&post=1106"}],"version-history":[{"count":16,"href":"https:\/\/www.rockwerkstatt.de\/index.php?rest_route=\/wp\/v2\/posts\/1106\/revisions"}],"predecessor-version":[{"id":1536,"href":"https:\/\/www.rockwerkstatt.de\/index.php?rest_route=\/wp\/v2\/posts\/1106\/revisions\/1536"}],"wp:attachment":[{"href":"https:\/\/www.rockwerkstatt.de\/index.php?rest_route=%2Fwp%2Fv2%2Fmedia&parent=1106"}],"wp:term":[{"taxonomy":"category","embeddable":true,"href":"https:\/\/www.rockwerkstatt.de\/index.php?rest_route=%2Fwp%2Fv2%2Fcategories&post=1106"},{"taxonomy":"post_tag","embeddable":true,"href":"https:\/\/www.rockwerkstatt.de\/index.php?rest_route=%2Fwp%2Fv2%2Ftags&post=1106"}],"curies":[{"name":"wp","href":"https:\/\/api.w.org\/{rel}","templated":true}]}}