{"id":1231,"date":"2010-12-25T01:18:49","date_gmt":"2010-12-25T00:18:49","guid":{"rendered":"http:\/\/wp1180065.server-he.de\/wordpress\/rockwerkstatt\/?p=1231"},"modified":"2011-02-21T00:06:12","modified_gmt":"2011-02-20T23:06:12","slug":"kreidlinger-bauerle-ermitteln-%e2%80%93-der-film-im-teufelsgrund","status":"publish","type":"post","link":"https:\/\/www.rockwerkstatt.de\/?p=1231","title":{"rendered":"Kreidlinger &#038; B\u00e4uerle ermitteln \u2013 Der Film: Im Teufelsgrund"},"content":{"rendered":"<p><strong>Sa.,                25.12.2010\u00a0 \u2013\u00a0 20.00 Uhr und\u00a0 22.00 Uhr<br \/>\n<\/strong><\/p>\n<p><a href=\"http:\/\/wp1180065.server-he.de\/wordpress\/rockwerkstatt\/wp-content\/uploads\/2010\/10\/KundB_Film_hp.jpg\"><img loading=\"lazy\" decoding=\"async\" class=\"alignleft size-full wp-image-1250\" title=\"KundB_Film_hp\" src=\"http:\/\/wp1180065.server-he.de\/wordpress\/rockwerkstatt\/wp-content\/uploads\/2010\/10\/KundB_Film_hp.jpg\" alt=\"\" width=\"300\" height=\"300\" srcset=\"https:\/\/www.rockwerkstatt.de\/wp-content\/uploads\/2010\/10\/KundB_Film_hp.jpg 300w, https:\/\/www.rockwerkstatt.de\/wp-content\/uploads\/2010\/10\/KundB_Film_hp-150x150.jpg 150w\" sizes=\"auto, (max-width: 300px) 100vw, 300px\" \/><\/a>Nach 40 spektakul\u00e4ren H\u00f6r- spielfolgen stellen die beiden\u00a0 Kult- Kriminalisten ihren ersten Film \u201eIm Teufelsgrund\u201c vor. Die deutsch-schweizerische Co-Produktion pr\u00e4sentiert einen packenden Streifen mit jeder Menge Spannung und unverwechselbarem Charme. Die Filmpremiere zu \u201eIm Teufelsgrund\u201c findet nat\u00fcrlich bei uns im Schlachthof statt.<\/p>\n<p>Gedreht wurde \u00fcbrigens in dunklen Kellergew\u00f6lben von Lahr und auf den H\u00f6hengipfeln des Schuttertals. Ob es den beiden Kriminalisten gelingen wird, den Fall vor laufender Kamera zu l\u00f6sen?<\/p>\n<p>Der Filmtrailer und weitere Infos findet Ihr auf: <a href=\"http:\/\/www.teufelsgrund.de\" target=\"_blank\">www.teufelsgrund.de<\/a><\/p>\n<p><strong>Karten im Vorverkauf gibt es im Schlachthofbistro (ge\u00f6ffnet t\u00e4gl., ab 18h). <\/strong>Achtung: F\u00fcr die 1.Vorstellung um 20.00Uhr ist nur noch noch minimales Restkontingent Karten im Schlachthofbistro vorhanden! F\u00fcr die 22h Vorstellung gibt es noch Karten.<\/p>\n","protected":false},"excerpt":{"rendered":"<p>Sa., 25.12.2010\u00a0 \u2013\u00a0 20.00 Uhr und\u00a0 22.00 Uhr Nach 40&#8230;<\/p>\n","protected":false},"author":2,"featured_media":0,"comment_status":"open","ping_status":"open","sticky":false,"template":"","format":"standard","meta":{"footnotes":"","_links_to":"","_links_to_target":""},"categories":[1],"tags":[],"class_list":["post-1231","post","type-post","status-publish","format-standard","hentry","category-allgemein","wpcat-1-id"],"_links":{"self":[{"href":"https:\/\/www.rockwerkstatt.de\/index.php?rest_route=\/wp\/v2\/posts\/1231","targetHints":{"allow":["GET"]}}],"collection":[{"href":"https:\/\/www.rockwerkstatt.de\/index.php?rest_route=\/wp\/v2\/posts"}],"about":[{"href":"https:\/\/www.rockwerkstatt.de\/index.php?rest_route=\/wp\/v2\/types\/post"}],"author":[{"embeddable":true,"href":"https:\/\/www.rockwerkstatt.de\/index.php?rest_route=\/wp\/v2\/users\/2"}],"replies":[{"embeddable":true,"href":"https:\/\/www.rockwerkstatt.de\/index.php?rest_route=%2Fwp%2Fv2%2Fcomments&post=1231"}],"version-history":[{"count":22,"href":"https:\/\/www.rockwerkstatt.de\/index.php?rest_route=\/wp\/v2\/posts\/1231\/revisions"}],"predecessor-version":[{"id":1585,"href":"https:\/\/www.rockwerkstatt.de\/index.php?rest_route=\/wp\/v2\/posts\/1231\/revisions\/1585"}],"wp:attachment":[{"href":"https:\/\/www.rockwerkstatt.de\/index.php?rest_route=%2Fwp%2Fv2%2Fmedia&parent=1231"}],"wp:term":[{"taxonomy":"category","embeddable":true,"href":"https:\/\/www.rockwerkstatt.de\/index.php?rest_route=%2Fwp%2Fv2%2Fcategories&post=1231"},{"taxonomy":"post_tag","embeddable":true,"href":"https:\/\/www.rockwerkstatt.de\/index.php?rest_route=%2Fwp%2Fv2%2Ftags&post=1231"}],"curies":[{"name":"wp","href":"https:\/\/api.w.org\/{rel}","templated":true}]}}