{"id":1449,"date":"2011-02-18T17:33:12","date_gmt":"2011-02-18T16:33:12","guid":{"rendered":"http:\/\/wp1180065.server-he.de\/wordpress\/rockwerkstatt\/?p=1449"},"modified":"2011-03-01T21:40:40","modified_gmt":"2011-03-01T20:40:40","slug":"on-stage-musikschule","status":"publish","type":"post","link":"https:\/\/www.rockwerkstatt.de\/?p=1449","title":{"rendered":"On Stage &#8211; Musikschule"},"content":{"rendered":"<p><a href=\"http:\/\/wp1180065.server-he.de\/wordpress\/rockwerkstatt\/wp-content\/uploads\/2011\/01\/On_Stage_hp.jpg\"><img loading=\"lazy\" decoding=\"async\" class=\"alignleft size-full wp-image-1452\" title=\"On_Stage_hp\" src=\"http:\/\/wp1180065.server-he.de\/wordpress\/rockwerkstatt\/wp-content\/uploads\/2011\/01\/On_Stage_hp.jpg\" alt=\"\" width=\"300\" height=\"300\" srcset=\"https:\/\/www.rockwerkstatt.de\/wp-content\/uploads\/2011\/01\/On_Stage_hp.jpg 300w, https:\/\/www.rockwerkstatt.de\/wp-content\/uploads\/2011\/01\/On_Stage_hp-150x150.jpg 150w\" sizes=\"auto, (max-width: 300px) 100vw, 300px\" \/><\/a>Fr. 18.02. &#8211; 17.00 Uhr<\/p>\n<p>Sch\u00fclerinnen und Sch\u00fcler der St\u00e4dtischen Musikschule\u00a0 rocken den Schlachthof. Der neu gegr\u00fcndete Rock, Pop, Jazz Bereich pr\u00e4sentiert seine Bands und junge Talente.\u00a0 Die stilistische Vielfalt der Newcomer reicht von Rock bis Jazz &#8211; man darf gespannt sein!<\/p>\n","protected":false},"excerpt":{"rendered":"<p>Fr. 18.02. &#8211; 17.00 Uhr Sch\u00fclerinnen und Sch\u00fcler der St\u00e4dtischen&#8230;<\/p>\n","protected":false},"author":2,"featured_media":0,"comment_status":"open","ping_status":"open","sticky":false,"template":"","format":"standard","meta":{"footnotes":"","_links_to":"","_links_to_target":""},"categories":[1],"tags":[],"class_list":["post-1449","post","type-post","status-publish","format-standard","hentry","category-allgemein","wpcat-1-id"],"_links":{"self":[{"href":"https:\/\/www.rockwerkstatt.de\/index.php?rest_route=\/wp\/v2\/posts\/1449","targetHints":{"allow":["GET"]}}],"collection":[{"href":"https:\/\/www.rockwerkstatt.de\/index.php?rest_route=\/wp\/v2\/posts"}],"about":[{"href":"https:\/\/www.rockwerkstatt.de\/index.php?rest_route=\/wp\/v2\/types\/post"}],"author":[{"embeddable":true,"href":"https:\/\/www.rockwerkstatt.de\/index.php?rest_route=\/wp\/v2\/users\/2"}],"replies":[{"embeddable":true,"href":"https:\/\/www.rockwerkstatt.de\/index.php?rest_route=%2Fwp%2Fv2%2Fcomments&post=1449"}],"version-history":[{"count":10,"href":"https:\/\/www.rockwerkstatt.de\/index.php?rest_route=\/wp\/v2\/posts\/1449\/revisions"}],"predecessor-version":[{"id":1600,"href":"https:\/\/www.rockwerkstatt.de\/index.php?rest_route=\/wp\/v2\/posts\/1449\/revisions\/1600"}],"wp:attachment":[{"href":"https:\/\/www.rockwerkstatt.de\/index.php?rest_route=%2Fwp%2Fv2%2Fmedia&parent=1449"}],"wp:term":[{"taxonomy":"category","embeddable":true,"href":"https:\/\/www.rockwerkstatt.de\/index.php?rest_route=%2Fwp%2Fv2%2Fcategories&post=1449"},{"taxonomy":"post_tag","embeddable":true,"href":"https:\/\/www.rockwerkstatt.de\/index.php?rest_route=%2Fwp%2Fv2%2Ftags&post=1449"}],"curies":[{"name":"wp","href":"https:\/\/api.w.org\/{rel}","templated":true}]}}