{"id":1601,"date":"2011-11-12T21:13:26","date_gmt":"2011-11-12T20:13:26","guid":{"rendered":"http:\/\/wp1180065.server-he.de\/wordpress\/rockwerkstatt\/?p=1601"},"modified":"2011-12-06T00:25:16","modified_gmt":"2011-12-05T23:25:16","slug":"weitere-konzerte","status":"publish","type":"post","link":"https:\/\/www.rockwerkstatt.de\/?p=1601","title":{"rendered":"The Moods"},"content":{"rendered":"<p><strong>Sa., 12.11.2011 &#8211; 21.00 Uhr<\/strong><\/p>\n<p><span style=\"font-family: Tahoma,sans-serif;\"><a href=\"http:\/\/wp1180065.server-he.de\/wordpress\/rockwerkstatt\/wp-content\/uploads\/2011\/10\/moods_hp.jpg\"><img loading=\"lazy\" decoding=\"async\" class=\"alignleft size-thumbnail wp-image-1896\" title=\"moods_hp\" src=\"http:\/\/wp1180065.server-he.de\/wordpress\/rockwerkstatt\/wp-content\/uploads\/2011\/10\/moods_hp-150x150.jpg\" alt=\"\" width=\"150\" height=\"150\" srcset=\"https:\/\/www.rockwerkstatt.de\/wp-content\/uploads\/2011\/10\/moods_hp-150x150.jpg 150w, https:\/\/www.rockwerkstatt.de\/wp-content\/uploads\/2011\/10\/moods_hp.jpg 300w\" sizes=\"auto, (max-width: 150px) 100vw, 150px\" \/><\/a>Was vor mehr als 4 Jahren spontan als Begleitband f\u00fcr einen Geburtstag angefangen hat, ist heute eine etablierte Lahrer Band, im Bereich Soul, Pop und Jazz. Die sechs Herren um Frontfrau Linda Tang haben es sich in den Kopf gesetzt, bekannten Songs ihr ganz eigenes Arrangement aufzudr\u00fccken. Sei es eine Funkversion der \u201eL\u00f6wenzahn\u201c-Titelmelodie oder ein Bierflaschentrio \u00fcber den Jazzstandard Watermelonman. Zeitlose Soulklassiker sind nat\u00fcrlich auch im Programm enthalten, wie zum Beispiel \u201eRespect\u201c von Aretha Franklin oder \u201eSummer in the City\u201c von Joe Cocker, um nur einige zu nennen. Aber es ist auch die Band selbst die zu begeistern wei\u00df: Ein Groove, der das Publikum in v\u00f6llige Ekstase versetzt, ein einheizender Bl\u00e4sersatz sowie die wundervolle, wohlklingende und zugleich frech-rockige Stimme von Linda Tang.<\/span><\/p>\n","protected":false},"excerpt":{"rendered":"<p>Sa., 12.11.2011 &#8211; 21.00 Uhr Was vor mehr als 4&#8230;<\/p>\n","protected":false},"author":2,"featured_media":0,"comment_status":"open","ping_status":"open","sticky":false,"template":"","format":"standard","meta":{"footnotes":"","_links_to":"","_links_to_target":""},"categories":[1,6],"tags":[],"class_list":["post-1601","post","type-post","status-publish","format-standard","hentry","category-allgemein","category-veranstaltungen","wpcat-1-id","wpcat-6-id"],"_links":{"self":[{"href":"https:\/\/www.rockwerkstatt.de\/index.php?rest_route=\/wp\/v2\/posts\/1601","targetHints":{"allow":["GET"]}}],"collection":[{"href":"https:\/\/www.rockwerkstatt.de\/index.php?rest_route=\/wp\/v2\/posts"}],"about":[{"href":"https:\/\/www.rockwerkstatt.de\/index.php?rest_route=\/wp\/v2\/types\/post"}],"author":[{"embeddable":true,"href":"https:\/\/www.rockwerkstatt.de\/index.php?rest_route=\/wp\/v2\/users\/2"}],"replies":[{"embeddable":true,"href":"https:\/\/www.rockwerkstatt.de\/index.php?rest_route=%2Fwp%2Fv2%2Fcomments&post=1601"}],"version-history":[{"count":22,"href":"https:\/\/www.rockwerkstatt.de\/index.php?rest_route=\/wp\/v2\/posts\/1601\/revisions"}],"predecessor-version":[{"id":1605,"href":"https:\/\/www.rockwerkstatt.de\/index.php?rest_route=\/wp\/v2\/posts\/1601\/revisions\/1605"}],"wp:attachment":[{"href":"https:\/\/www.rockwerkstatt.de\/index.php?rest_route=%2Fwp%2Fv2%2Fmedia&parent=1601"}],"wp:term":[{"taxonomy":"category","embeddable":true,"href":"https:\/\/www.rockwerkstatt.de\/index.php?rest_route=%2Fwp%2Fv2%2Fcategories&post=1601"},{"taxonomy":"post_tag","embeddable":true,"href":"https:\/\/www.rockwerkstatt.de\/index.php?rest_route=%2Fwp%2Fv2%2Ftags&post=1601"}],"curies":[{"name":"wp","href":"https:\/\/api.w.org\/{rel}","templated":true}]}}