{"id":1622,"date":"2011-04-03T17:09:26","date_gmt":"2011-04-03T15:09:26","guid":{"rendered":"http:\/\/wp1180065.server-he.de\/wordpress\/rockwerkstatt\/?p=1622"},"modified":"2011-04-03T19:20:04","modified_gmt":"2011-04-03T17:20:04","slug":"programm-april-juni-2011","status":"publish","type":"post","link":"https:\/\/www.rockwerkstatt.de\/?p=1622","title":{"rendered":"Programm April &#8211; Juni 2011"},"content":{"rendered":"<p><a href=\"http:\/\/wp1180065.server-he.de\/wordpress\/rockwerkstatt\/wp-content\/uploads\/2011\/04\/SH_02_11_vorne_hp.jpg\"><img loading=\"lazy\" decoding=\"async\" class=\"alignleft size-medium wp-image-1621\" title=\"SH_02_11_vorne_hp\" src=\"http:\/\/wp1180065.server-he.de\/wordpress\/rockwerkstatt\/wp-content\/uploads\/2011\/04\/SH_02_11_vorne_hp-300x138.jpg\" alt=\"\" width=\"300\" height=\"138\" srcset=\"https:\/\/www.rockwerkstatt.de\/wp-content\/uploads\/2011\/04\/SH_02_11_vorne_hp-300x138.jpg 300w, https:\/\/www.rockwerkstatt.de\/wp-content\/uploads\/2011\/04\/SH_02_11_vorne_hp.jpg 697w\" sizes=\"auto, (max-width: 300px) 100vw, 300px\" \/><\/a>Hier ist es, das brandneue Programm mit allen  kommenden Live \u2013 Events im  Schlachthof. Bis in den Juni haben wir  f\u00fcr die Gro\u00dfe Halle bzw. Bistrowirt David f\u00fcr das Bistro im Schlachthof viele abwechslungsreiche  Veranstaltungen f\u00fcr jeden Geschmack zusammengestellt.  Neben alten  Bekannten gibt es auch neue Bands zu entdecken, die bisher  im  Schlachthof noch nie zu sehen und zu h\u00f6ren waren. Wir freuen uns auf   Euer Kommen!<\/p>\n<p>Als gedruckte Version ist es nat\u00fcrlich an den einschl\u00e4gigen Pl\u00e4tzen in Lahr erh\u00e4ltlich. Sichert Euch ein Exemplar!<\/p>\n<p>F\u00fcr eine Gesamtansicht des Flyers in einer besseren Aufl\u00f6sung bitte auf das folgende Bild des Flyers klicken.<\/p>\n<p><a href=\"http:\/\/wp1180065.server-he.de\/wordpress\/rockwerkstatt\/wp-content\/uploads\/2011\/04\/SH_02_11_hp.jpg\"><img loading=\"lazy\" decoding=\"async\" class=\"aligncenter size-medium wp-image-1620\" title=\"SH_02_11_hp\" src=\"http:\/\/wp1180065.server-he.de\/wordpress\/rockwerkstatt\/wp-content\/uploads\/2011\/04\/SH_02_11_hp-300x212.jpg\" alt=\"\" width=\"300\" height=\"212\" srcset=\"https:\/\/www.rockwerkstatt.de\/wp-content\/uploads\/2011\/04\/SH_02_11_hp-300x212.jpg 300w, https:\/\/www.rockwerkstatt.de\/wp-content\/uploads\/2011\/04\/SH_02_11_hp.jpg 984w\" sizes=\"auto, (max-width: 300px) 100vw, 300px\" \/><\/a><\/p>\n","protected":false},"excerpt":{"rendered":"<p>Hier ist es, das brandneue Programm mit allen kommenden Live&#8230;<\/p>\n","protected":false},"author":2,"featured_media":0,"comment_status":"open","ping_status":"open","sticky":false,"template":"","format":"standard","meta":{"footnotes":"","_links_to":"","_links_to_target":""},"categories":[1,4],"tags":[],"class_list":["post-1622","post","type-post","status-publish","format-standard","hentry","category-allgemein","category-nachrichten","wpcat-1-id","wpcat-4-id"],"_links":{"self":[{"href":"https:\/\/www.rockwerkstatt.de\/index.php?rest_route=\/wp\/v2\/posts\/1622","targetHints":{"allow":["GET"]}}],"collection":[{"href":"https:\/\/www.rockwerkstatt.de\/index.php?rest_route=\/wp\/v2\/posts"}],"about":[{"href":"https:\/\/www.rockwerkstatt.de\/index.php?rest_route=\/wp\/v2\/types\/post"}],"author":[{"embeddable":true,"href":"https:\/\/www.rockwerkstatt.de\/index.php?rest_route=\/wp\/v2\/users\/2"}],"replies":[{"embeddable":true,"href":"https:\/\/www.rockwerkstatt.de\/index.php?rest_route=%2Fwp%2Fv2%2Fcomments&post=1622"}],"version-history":[{"count":7,"href":"https:\/\/www.rockwerkstatt.de\/index.php?rest_route=\/wp\/v2\/posts\/1622\/revisions"}],"predecessor-version":[{"id":1627,"href":"https:\/\/www.rockwerkstatt.de\/index.php?rest_route=\/wp\/v2\/posts\/1622\/revisions\/1627"}],"wp:attachment":[{"href":"https:\/\/www.rockwerkstatt.de\/index.php?rest_route=%2Fwp%2Fv2%2Fmedia&parent=1622"}],"wp:term":[{"taxonomy":"category","embeddable":true,"href":"https:\/\/www.rockwerkstatt.de\/index.php?rest_route=%2Fwp%2Fv2%2Fcategories&post=1622"},{"taxonomy":"post_tag","embeddable":true,"href":"https:\/\/www.rockwerkstatt.de\/index.php?rest_route=%2Fwp%2Fv2%2Ftags&post=1622"}],"curies":[{"name":"wp","href":"https:\/\/api.w.org\/{rel}","templated":true}]}}