{"id":1668,"date":"2011-07-30T17:59:07","date_gmt":"2011-07-30T15:59:07","guid":{"rendered":"http:\/\/wp1180065.server-he.de\/wordpress\/rockwerkstatt\/?p=1668"},"modified":"2011-09-09T14:36:13","modified_gmt":"2011-09-09T12:36:13","slug":"10-jahre-schlachthof-open-air","status":"publish","type":"post","link":"https:\/\/www.rockwerkstatt.de\/?p=1668","title":{"rendered":"10 Jahre Schlachthof &#8211; Open Air"},"content":{"rendered":"<p><strong><a href=\"http:\/\/wp1180065.server-he.de\/wordpress\/rockwerkstatt\/wp-content\/uploads\/2011\/06\/Logo10_quad_web.jpg\"><img loading=\"lazy\" decoding=\"async\" class=\"alignleft size-thumbnail wp-image-1751\" title=\"Logo10_quad_web\" src=\"http:\/\/wp1180065.server-he.de\/wordpress\/rockwerkstatt\/wp-content\/uploads\/2011\/06\/Logo10_quad_web-150x150.jpg\" alt=\"\" width=\"150\" height=\"150\" srcset=\"https:\/\/www.rockwerkstatt.de\/wp-content\/uploads\/2011\/06\/Logo10_quad_web-150x150.jpg 150w, https:\/\/www.rockwerkstatt.de\/wp-content\/uploads\/2011\/06\/Logo10_quad_web-300x300.jpg 300w, https:\/\/www.rockwerkstatt.de\/wp-content\/uploads\/2011\/06\/Logo10_quad_web.jpg 600w\" sizes=\"auto, (max-width: 150px) 100vw, 150px\" \/><\/a>Sa., 30.07. 2011 &#8211;\u00a0 17.30h<br \/>\n<\/strong><\/p>\n<p>Jetzt gibt es den Schlachthof seit 10 Jahren &#8211; und wir waren von Anfang an mit dabei! Das mu\u00df nat\u00fcrlich geb\u00fchrend gefeirt werden mit einem gro\u00dfen Open Air. Am 30.07. ist es soweit\u00a0 auf dem Skatepark hinter den Schlachthof werden sich 13 Bands der lokalen Musikszene ein Stelldichein geben.<\/p>\n<p>Am Start sind ausschlie\u00dflich\u00a0 Bands oder Musiker, die schon auf der Schlachthofb\u00fchne gestanden haben \u2013 also quasi ein \u201eBest of Schlachthof\u201c. Beim Konzert geht es dann Schlag auf Schlag. Ohne gro\u00dfe Umbaupausen gibt es im 30 Minuten-Takt, ein abwechslungsreiches Programm f\u00fcr alle Musikbegeisterten. Wer schon einmal bei einem der United Lahrtist Benefiz-Veranstaltungen der Lahrer Rockwerkstatt zugegen war, wei\u00df, was gemeint ist. Folgende Bands sind am Start:<\/p>\n<p>Confused<br \/>\nEdS<br \/>\nG\u00e4stezimmer<br \/>\nGamesdoglar<br \/>\nGree<br \/>\nPapalagi<br \/>\nPoor Poets feat. J\u00fcrgen Hermann<br \/>\nRoad Closed Ahead<br \/>\nShardless<br \/>\nSlim feat. Jeans<br \/>\nSuperguru<br \/>\nThe Said<\/p>\n<p>Einlass ist ab 17 Uhr &#8211; Beginn ist um 17.3o Uhr.<\/p>\n","protected":false},"excerpt":{"rendered":"<p>Sa., 30.07. 2011 &#8211;\u00a0 17.30h Jetzt gibt es den Schlachthof&#8230;<\/p>\n","protected":false},"author":2,"featured_media":0,"comment_status":"open","ping_status":"open","sticky":false,"template":"","format":"standard","meta":{"footnotes":"","_links_to":"","_links_to_target":""},"categories":[1,6],"tags":[],"class_list":["post-1668","post","type-post","status-publish","format-standard","hentry","category-allgemein","category-veranstaltungen","wpcat-1-id","wpcat-6-id"],"_links":{"self":[{"href":"https:\/\/www.rockwerkstatt.de\/index.php?rest_route=\/wp\/v2\/posts\/1668","targetHints":{"allow":["GET"]}}],"collection":[{"href":"https:\/\/www.rockwerkstatt.de\/index.php?rest_route=\/wp\/v2\/posts"}],"about":[{"href":"https:\/\/www.rockwerkstatt.de\/index.php?rest_route=\/wp\/v2\/types\/post"}],"author":[{"embeddable":true,"href":"https:\/\/www.rockwerkstatt.de\/index.php?rest_route=\/wp\/v2\/users\/2"}],"replies":[{"embeddable":true,"href":"https:\/\/www.rockwerkstatt.de\/index.php?rest_route=%2Fwp%2Fv2%2Fcomments&post=1668"}],"version-history":[{"count":11,"href":"https:\/\/www.rockwerkstatt.de\/index.php?rest_route=\/wp\/v2\/posts\/1668\/revisions"}],"predecessor-version":[{"id":1765,"href":"https:\/\/www.rockwerkstatt.de\/index.php?rest_route=\/wp\/v2\/posts\/1668\/revisions\/1765"}],"wp:attachment":[{"href":"https:\/\/www.rockwerkstatt.de\/index.php?rest_route=%2Fwp%2Fv2%2Fmedia&parent=1668"}],"wp:term":[{"taxonomy":"category","embeddable":true,"href":"https:\/\/www.rockwerkstatt.de\/index.php?rest_route=%2Fwp%2Fv2%2Fcategories&post=1668"},{"taxonomy":"post_tag","embeddable":true,"href":"https:\/\/www.rockwerkstatt.de\/index.php?rest_route=%2Fwp%2Fv2%2Ftags&post=1668"}],"curies":[{"name":"wp","href":"https:\/\/api.w.org\/{rel}","templated":true}]}}