{"id":1691,"date":"2011-10-29T21:00:20","date_gmt":"2011-10-29T20:00:20","guid":{"rendered":"http:\/\/wp1180065.server-he.de\/wordpress\/rockwerkstatt\/?p=1691"},"modified":"2011-11-07T23:53:43","modified_gmt":"2011-11-07T22:53:43","slug":"melanie-dekker","status":"publish","type":"post","link":"https:\/\/www.rockwerkstatt.de\/?p=1691","title":{"rendered":"Melanie Dekker"},"content":{"rendered":"<p><strong><a href=\"http:\/\/wp1180065.server-he.de\/wordpress\/rockwerkstatt\/wp-content\/uploads\/2011\/05\/M-Dekker1.jpg\"><img loading=\"lazy\" decoding=\"async\" class=\"alignleft size-full wp-image-1696\" title=\"M-Dekker1\" src=\"http:\/\/wp1180065.server-he.de\/wordpress\/rockwerkstatt\/wp-content\/uploads\/2011\/05\/M-Dekker1.jpg\" alt=\"\" width=\"300\" height=\"300\" srcset=\"https:\/\/www.rockwerkstatt.de\/wp-content\/uploads\/2011\/05\/M-Dekker1.jpg 300w, https:\/\/www.rockwerkstatt.de\/wp-content\/uploads\/2011\/05\/M-Dekker1-150x150.jpg 150w\" sizes=\"auto, (max-width: 300px) 100vw, 300px\" \/><\/a>Sa., 29.10.2011 &#8211; 21.00 Uhr<\/strong><\/p>\n<p>Das Programm f\u00fcr die Herbstsaison nimmt langsam Formen an. Unsere erste Verpflichtung ist die Kanadische Singer\/Songwrtiterin Melanie Dekker. In ihrer Heimat Kanada wird Melanie Dekker in einem Atemzug mit Sheryl  Crow, Faith Hill, Emmylou Harris und Alanis Morissette genannt. Ihre  Songs schaffen es in den englischsprachigen L\u00e4ndern in die Charts und  die Zahl der gewonnenen Preise als Songwriter z\u00e4hlt sie schon gar nicht  mehr. Die aus Vancouver stammende Gitarristin und S\u00e4ngerin mit  niederl\u00e4ndischen Vorfahren ist eine perfekte Entertainerin und hat  zwischen den Songs immer die richtigen Geschichtchen parat. Melanie Dekker wird zusammen mit zwei weiteren Musiker als Trio auftreten.<\/p>\n<p>Hier ein <a href=\"http:\/\/www.youtube.com\/watch?v=M6CkcjonOpc&amp;feature=related\">Live-Video<\/a> (Stare at the rain) in Trio Besetzung aus dem Jahr 2010. Und wer immer noch skeptisch ist schaut sich dieses <a href=\"http:\/\/www.youtube.com\/watch?v=ODV2-od-E30\">lekker Video<\/a> an.<br \/>\nEin zweites Live-Video gibt&#8217;s noch <a href=\"http:\/\/www.youtube.com\/watch?v=euo1PVTk42I&amp;feature=related\">hier<\/a> (Hollow).<\/p>\n","protected":false},"excerpt":{"rendered":"<p>Sa., 29.10.2011 &#8211; 21.00 Uhr Das Programm f\u00fcr die Herbstsaison&#8230;<\/p>\n","protected":false},"author":2,"featured_media":0,"comment_status":"open","ping_status":"open","sticky":false,"template":"","format":"standard","meta":{"footnotes":"","_links_to":"","_links_to_target":""},"categories":[1,6],"tags":[],"class_list":["post-1691","post","type-post","status-publish","format-standard","hentry","category-allgemein","category-veranstaltungen","wpcat-1-id","wpcat-6-id"],"_links":{"self":[{"href":"https:\/\/www.rockwerkstatt.de\/index.php?rest_route=\/wp\/v2\/posts\/1691","targetHints":{"allow":["GET"]}}],"collection":[{"href":"https:\/\/www.rockwerkstatt.de\/index.php?rest_route=\/wp\/v2\/posts"}],"about":[{"href":"https:\/\/www.rockwerkstatt.de\/index.php?rest_route=\/wp\/v2\/types\/post"}],"author":[{"embeddable":true,"href":"https:\/\/www.rockwerkstatt.de\/index.php?rest_route=\/wp\/v2\/users\/2"}],"replies":[{"embeddable":true,"href":"https:\/\/www.rockwerkstatt.de\/index.php?rest_route=%2Fwp%2Fv2%2Fcomments&post=1691"}],"version-history":[{"count":19,"href":"https:\/\/www.rockwerkstatt.de\/index.php?rest_route=\/wp\/v2\/posts\/1691\/revisions"}],"predecessor-version":[{"id":1898,"href":"https:\/\/www.rockwerkstatt.de\/index.php?rest_route=\/wp\/v2\/posts\/1691\/revisions\/1898"}],"wp:attachment":[{"href":"https:\/\/www.rockwerkstatt.de\/index.php?rest_route=%2Fwp%2Fv2%2Fmedia&parent=1691"}],"wp:term":[{"taxonomy":"category","embeddable":true,"href":"https:\/\/www.rockwerkstatt.de\/index.php?rest_route=%2Fwp%2Fv2%2Fcategories&post=1691"},{"taxonomy":"post_tag","embeddable":true,"href":"https:\/\/www.rockwerkstatt.de\/index.php?rest_route=%2Fwp%2Fv2%2Ftags&post=1691"}],"curies":[{"name":"wp","href":"https:\/\/api.w.org\/{rel}","templated":true}]}}