{"id":1838,"date":"2011-09-20T17:42:19","date_gmt":"2011-09-20T15:42:19","guid":{"rendered":"http:\/\/wp1180065.server-he.de\/wordpress\/rockwerkstatt\/?p=1838"},"modified":"2011-09-20T18:09:13","modified_gmt":"2011-09-20T16:09:13","slug":"das-neue-programm-oktober-dezember-2011","status":"publish","type":"post","link":"https:\/\/www.rockwerkstatt.de\/?p=1838","title":{"rendered":"Das neue Programm: Oktober &#8211; Dezember 2011"},"content":{"rendered":"<p><a href=\"http:\/\/wp1180065.server-he.de\/wordpress\/rockwerkstatt\/wp-content\/uploads\/2011\/09\/SH_04_11_front_hp.jpg\"><img loading=\"lazy\" decoding=\"async\" class=\"alignleft size-full wp-image-1845\" title=\"SH_04_11_front_hp\" src=\"http:\/\/wp1180065.server-he.de\/wordpress\/rockwerkstatt\/wp-content\/uploads\/2011\/09\/SH_04_11_front_hp.jpg\" alt=\"\" width=\"300\" height=\"143\" \/><\/a>Hier ist es, das brandneue Programm mit allen  kommenden Live \u2013 Veranstaltungen im  Schlachthof. Bis an Weihnachten haben wir und das Kulturamt  abwechslungsreiche  Veranstaltungen f\u00fcr jeden Geschmack zusammengestellt.  Neben alten  Bekannten gibt es viele neue Bands zu entdecken, die bisher  im  Schlachthof noch nie zu sehen und zu h\u00f6ren waren. Wir freuen uns auf   Euer Kommen!<\/p>\n<p>Als gedruckte Version ist es nat\u00fcrlich an den einschl\u00e4gigen Pl\u00e4tzen in Lahr erh\u00e4ltlich. Sichert Euch ein Exemplar!<\/p>\n<p><a href=\"http:\/\/wp1180065.server-he.de\/wordpress\/rockwerkstatt\/wp-content\/uploads\/2011\/09\/SH_04_11_Inhalt_hp2.jpg\"><img loading=\"lazy\" decoding=\"async\" class=\"alignleft size-medium wp-image-1850\" title=\"SH_04_11_Inhalt_hp\" src=\"http:\/\/wp1180065.server-he.de\/wordpress\/rockwerkstatt\/wp-content\/uploads\/2011\/09\/SH_04_11_Inhalt_hp2-300x213.jpg\" alt=\"\" width=\"300\" height=\"213\" srcset=\"https:\/\/www.rockwerkstatt.de\/wp-content\/uploads\/2011\/09\/SH_04_11_Inhalt_hp2-300x213.jpg 300w, https:\/\/www.rockwerkstatt.de\/wp-content\/uploads\/2011\/09\/SH_04_11_Inhalt_hp2.jpg 960w\" sizes=\"auto, (max-width: 300px) 100vw, 300px\" \/><\/a>F\u00fcr eine Gesamtansicht des Flyers in einer besseren Aufl\u00f6sung bitte auf das Bild des Flyers klicken.<\/p>\n","protected":false},"excerpt":{"rendered":"<p>Hier ist es, das brandneue Programm mit allen kommenden Live&#8230;<\/p>\n","protected":false},"author":2,"featured_media":0,"comment_status":"open","ping_status":"open","sticky":false,"template":"","format":"standard","meta":{"footnotes":"","_links_to":"","_links_to_target":""},"categories":[1,4],"tags":[],"class_list":["post-1838","post","type-post","status-publish","format-standard","hentry","category-allgemein","category-nachrichten","wpcat-1-id","wpcat-4-id"],"_links":{"self":[{"href":"https:\/\/www.rockwerkstatt.de\/index.php?rest_route=\/wp\/v2\/posts\/1838","targetHints":{"allow":["GET"]}}],"collection":[{"href":"https:\/\/www.rockwerkstatt.de\/index.php?rest_route=\/wp\/v2\/posts"}],"about":[{"href":"https:\/\/www.rockwerkstatt.de\/index.php?rest_route=\/wp\/v2\/types\/post"}],"author":[{"embeddable":true,"href":"https:\/\/www.rockwerkstatt.de\/index.php?rest_route=\/wp\/v2\/users\/2"}],"replies":[{"embeddable":true,"href":"https:\/\/www.rockwerkstatt.de\/index.php?rest_route=%2Fwp%2Fv2%2Fcomments&post=1838"}],"version-history":[{"count":9,"href":"https:\/\/www.rockwerkstatt.de\/index.php?rest_route=\/wp\/v2\/posts\/1838\/revisions"}],"predecessor-version":[{"id":1841,"href":"https:\/\/www.rockwerkstatt.de\/index.php?rest_route=\/wp\/v2\/posts\/1838\/revisions\/1841"}],"wp:attachment":[{"href":"https:\/\/www.rockwerkstatt.de\/index.php?rest_route=%2Fwp%2Fv2%2Fmedia&parent=1838"}],"wp:term":[{"taxonomy":"category","embeddable":true,"href":"https:\/\/www.rockwerkstatt.de\/index.php?rest_route=%2Fwp%2Fv2%2Fcategories&post=1838"},{"taxonomy":"post_tag","embeddable":true,"href":"https:\/\/www.rockwerkstatt.de\/index.php?rest_route=%2Fwp%2Fv2%2Ftags&post=1838"}],"curies":[{"name":"wp","href":"https:\/\/api.w.org\/{rel}","templated":true}]}}