{"id":191,"date":"2001-06-16T20:00:59","date_gmt":"2001-06-16T19:00:59","guid":{"rendered":"http:\/\/wp1180065.server-he.de\/wordpress\/rockwerkstatt\/?p=191"},"modified":"2010-03-14T20:35:30","modified_gmt":"2010-03-14T19:35:30","slug":"unites-lhrtists-die-schlachthoferoffnung","status":"publish","type":"post","link":"https:\/\/www.rockwerkstatt.de\/?p=191","title":{"rendered":"16.06.2001, 20:00 Uhr: Unites L@hrtists &#8211; die Schlachthofer\u00f6ffnung"},"content":{"rendered":"<p>Im Rahmen des Er\u00f6ffnung des Schlachthofs veranstaltete die Rockwerkstatt auf dem Freigel\u00e4nde hinter dem Schlachthof das legend\u00e4re Festival United L@hrtists mit fast allem, was in Lahr eine Gitarre halten kann&#8230;!?<br \/>\nMit dabei in alphabetischer Reihenfolge:<\/p>\n<p>Area 31<br \/>\nDaddy Dirty<br \/>\nFonktone<br \/>\nHound Dog<br \/>\nMonsterpark<br \/>\nPumaritter<br \/>\nReeze<br \/>\nScience Addiction<br \/>\nThe Jaded<br \/>\nVent.<\/p>\n<p>Nicht nur wir fanden: ein musikalischer Paukenschlag zur Er\u00f6ffnung!<\/p>\n","protected":false},"excerpt":{"rendered":"<p>Im Rahmen des Er\u00f6ffnung des Schlachthofs veranstaltete die Rockwerkstatt auf&#8230;<\/p>\n","protected":false},"author":1,"featured_media":0,"comment_status":"open","ping_status":"open","sticky":false,"template":"","format":"standard","meta":{"footnotes":"","_links_to":"","_links_to_target":""},"categories":[6],"tags":[],"class_list":["post-191","post","type-post","status-publish","format-standard","hentry","category-veranstaltungen","wpcat-6-id"],"_links":{"self":[{"href":"https:\/\/www.rockwerkstatt.de\/index.php?rest_route=\/wp\/v2\/posts\/191","targetHints":{"allow":["GET"]}}],"collection":[{"href":"https:\/\/www.rockwerkstatt.de\/index.php?rest_route=\/wp\/v2\/posts"}],"about":[{"href":"https:\/\/www.rockwerkstatt.de\/index.php?rest_route=\/wp\/v2\/types\/post"}],"author":[{"embeddable":true,"href":"https:\/\/www.rockwerkstatt.de\/index.php?rest_route=\/wp\/v2\/users\/1"}],"replies":[{"embeddable":true,"href":"https:\/\/www.rockwerkstatt.de\/index.php?rest_route=%2Fwp%2Fv2%2Fcomments&post=191"}],"version-history":[{"count":2,"href":"https:\/\/www.rockwerkstatt.de\/index.php?rest_route=\/wp\/v2\/posts\/191\/revisions"}],"predecessor-version":[{"id":582,"href":"https:\/\/www.rockwerkstatt.de\/index.php?rest_route=\/wp\/v2\/posts\/191\/revisions\/582"}],"wp:attachment":[{"href":"https:\/\/www.rockwerkstatt.de\/index.php?rest_route=%2Fwp%2Fv2%2Fmedia&parent=191"}],"wp:term":[{"taxonomy":"category","embeddable":true,"href":"https:\/\/www.rockwerkstatt.de\/index.php?rest_route=%2Fwp%2Fv2%2Fcategories&post=191"},{"taxonomy":"post_tag","embeddable":true,"href":"https:\/\/www.rockwerkstatt.de\/index.php?rest_route=%2Fwp%2Fv2%2Ftags&post=191"}],"curies":[{"name":"wp","href":"https:\/\/api.w.org\/{rel}","templated":true}]}}