{"id":212,"date":"2001-12-01T21:00:45","date_gmt":"2001-12-01T20:00:45","guid":{"rendered":"http:\/\/wp1180065.server-he.de\/wordpress\/rockwerkstatt\/?p=212"},"modified":"2010-03-21T16:23:38","modified_gmt":"2010-03-21T15:23:38","slug":"fonktone-dandelion-und-coffeegrooves","status":"publish","type":"post","link":"https:\/\/www.rockwerkstatt.de\/?p=212","title":{"rendered":"01.12.2001, 21:00 Uhr: Fonktone, Dandelion und Coffeegrooves"},"content":{"rendered":"<p><a href=\"http:\/\/wp1180065.server-he.de\/wordpress\/rockwerkstatt\/wp-content\/uploads\/2010\/03\/01_12_2001.gif\"><img loading=\"lazy\" decoding=\"async\" class=\"alignnone size-medium wp-image-743\" title=\"01_12_2001\" src=\"http:\/\/wp1180065.server-he.de\/wordpress\/rockwerkstatt\/wp-content\/uploads\/2010\/03\/01_12_2001-209x300.gif\" alt=\"\" width=\"209\" height=\"300\" srcset=\"https:\/\/www.rockwerkstatt.de\/wp-content\/uploads\/2010\/03\/01_12_2001-209x300.gif 209w, https:\/\/www.rockwerkstatt.de\/wp-content\/uploads\/2010\/03\/01_12_2001.gif 420w\" sizes=\"auto, (max-width: 209px) 100vw, 209px\" \/><\/a><\/p>\n<p>Ein hei\u00dfer Dezember begann mit dem Konzert von <strong>Fonktone<\/strong> und <strong>Dandelion<\/strong>.<br \/>\nFonktone &#8211; das war funkiger, grooviger Rock, diese Band ging nach einigen Umbesetzungen auf in The Fujaz Project.<br \/>\nDandelion aus dem Kinzigtal pr\u00e4sentierten sich mit einer jungen 17-j\u00e4hrigen S\u00e4ngerin und werden sicher noch von sich h\u00f6ren lassen.<\/p>\n<p>Im Anschluss daran legte Mark Warthmann noch coole relaxte Beats auf \u2013 coffeegrooves.<\/p>\n","protected":false},"excerpt":{"rendered":"<p>Ein hei\u00dfer Dezember begann mit dem Konzert von Fonktone und&#8230;<\/p>\n","protected":false},"author":1,"featured_media":0,"comment_status":"open","ping_status":"open","sticky":false,"template":"","format":"standard","meta":{"footnotes":"","_links_to":"","_links_to_target":""},"categories":[6],"tags":[],"class_list":["post-212","post","type-post","status-publish","format-standard","hentry","category-veranstaltungen","wpcat-6-id"],"_links":{"self":[{"href":"https:\/\/www.rockwerkstatt.de\/index.php?rest_route=\/wp\/v2\/posts\/212","targetHints":{"allow":["GET"]}}],"collection":[{"href":"https:\/\/www.rockwerkstatt.de\/index.php?rest_route=\/wp\/v2\/posts"}],"about":[{"href":"https:\/\/www.rockwerkstatt.de\/index.php?rest_route=\/wp\/v2\/types\/post"}],"author":[{"embeddable":true,"href":"https:\/\/www.rockwerkstatt.de\/index.php?rest_route=\/wp\/v2\/users\/1"}],"replies":[{"embeddable":true,"href":"https:\/\/www.rockwerkstatt.de\/index.php?rest_route=%2Fwp%2Fv2%2Fcomments&post=212"}],"version-history":[{"count":4,"href":"https:\/\/www.rockwerkstatt.de\/index.php?rest_route=\/wp\/v2\/posts\/212\/revisions"}],"predecessor-version":[{"id":804,"href":"https:\/\/www.rockwerkstatt.de\/index.php?rest_route=\/wp\/v2\/posts\/212\/revisions\/804"}],"wp:attachment":[{"href":"https:\/\/www.rockwerkstatt.de\/index.php?rest_route=%2Fwp%2Fv2%2Fmedia&parent=212"}],"wp:term":[{"taxonomy":"category","embeddable":true,"href":"https:\/\/www.rockwerkstatt.de\/index.php?rest_route=%2Fwp%2Fv2%2Fcategories&post=212"},{"taxonomy":"post_tag","embeddable":true,"href":"https:\/\/www.rockwerkstatt.de\/index.php?rest_route=%2Fwp%2Fv2%2Ftags&post=212"}],"curies":[{"name":"wp","href":"https:\/\/api.w.org\/{rel}","templated":true}]}}