{"id":228,"date":"2002-01-20T20:00:49","date_gmt":"2002-01-20T19:00:49","guid":{"rendered":"http:\/\/wp1180065.server-he.de\/wordpress\/rockwerkstatt\/?p=228"},"modified":"2010-03-18T18:53:13","modified_gmt":"2010-03-18T17:53:13","slug":"big-band-w","status":"publish","type":"post","link":"https:\/\/www.rockwerkstatt.de\/?p=228","title":{"rendered":"26.01.2002, 20:00 Uhr: Big Band W"},"content":{"rendered":"<p>Carlo B\u00e4der und die Bigband W bestritten das erste Jazzkonzert im Schlachthof. Nach vielen Konzerten &#8211; u.a. auch zwei Konzerten beim Jazzfestival in Montreux trat die Bigband W um ihren Mastermind und Leiter Carlo B\u00e4der wieder in der angestammten Heimat auf und pr\u00e4sentierte ihre neue CD &#8222;lahr drive&#8220;. Und nicht nur die vielen Zuh\u00f6rern swingen jetzt noch im Takt mit, sondern auch die Damen und Herren der Presse..<\/p>\n<p><a href=\"http:\/\/wp1180065.server-he.de\/wordpress\/rockwerkstatt\/wp-content\/uploads\/2010\/03\/26_01_2002_bigbandw.jpg\"><img loading=\"lazy\" decoding=\"async\" class=\"alignleft size-full wp-image-768\" title=\"26_01_2002_bigbandw\" src=\"http:\/\/wp1180065.server-he.de\/wordpress\/rockwerkstatt\/wp-content\/uploads\/2010\/03\/26_01_2002_bigbandw.jpg\" alt=\"\" width=\"240\" height=\"354\" srcset=\"https:\/\/www.rockwerkstatt.de\/wp-content\/uploads\/2010\/03\/26_01_2002_bigbandw.jpg 240w, https:\/\/www.rockwerkstatt.de\/wp-content\/uploads\/2010\/03\/26_01_2002_bigbandw-203x300.jpg 203w\" sizes=\"auto, (max-width: 240px) 100vw, 240px\" \/><\/a><\/p>\n","protected":false},"excerpt":{"rendered":"<p>Carlo B\u00e4der und die Bigband W bestritten das erste Jazzkonzert&#8230;<\/p>\n","protected":false},"author":1,"featured_media":0,"comment_status":"open","ping_status":"open","sticky":false,"template":"","format":"standard","meta":{"footnotes":"","_links_to":"","_links_to_target":""},"categories":[6],"tags":[],"class_list":["post-228","post","type-post","status-publish","format-standard","hentry","category-veranstaltungen","wpcat-6-id"],"_links":{"self":[{"href":"https:\/\/www.rockwerkstatt.de\/index.php?rest_route=\/wp\/v2\/posts\/228","targetHints":{"allow":["GET"]}}],"collection":[{"href":"https:\/\/www.rockwerkstatt.de\/index.php?rest_route=\/wp\/v2\/posts"}],"about":[{"href":"https:\/\/www.rockwerkstatt.de\/index.php?rest_route=\/wp\/v2\/types\/post"}],"author":[{"embeddable":true,"href":"https:\/\/www.rockwerkstatt.de\/index.php?rest_route=\/wp\/v2\/users\/1"}],"replies":[{"embeddable":true,"href":"https:\/\/www.rockwerkstatt.de\/index.php?rest_route=%2Fwp%2Fv2%2Fcomments&post=228"}],"version-history":[{"count":4,"href":"https:\/\/www.rockwerkstatt.de\/index.php?rest_route=\/wp\/v2\/posts\/228\/revisions"}],"predecessor-version":[{"id":775,"href":"https:\/\/www.rockwerkstatt.de\/index.php?rest_route=\/wp\/v2\/posts\/228\/revisions\/775"}],"wp:attachment":[{"href":"https:\/\/www.rockwerkstatt.de\/index.php?rest_route=%2Fwp%2Fv2%2Fmedia&parent=228"}],"wp:term":[{"taxonomy":"category","embeddable":true,"href":"https:\/\/www.rockwerkstatt.de\/index.php?rest_route=%2Fwp%2Fv2%2Fcategories&post=228"},{"taxonomy":"post_tag","embeddable":true,"href":"https:\/\/www.rockwerkstatt.de\/index.php?rest_route=%2Fwp%2Fv2%2Ftags&post=228"}],"curies":[{"name":"wp","href":"https:\/\/api.w.org\/{rel}","templated":true}]}}