{"id":233,"date":"2002-03-23T20:30:10","date_gmt":"2002-03-23T19:30:10","guid":{"rendered":"http:\/\/wp1180065.server-he.de\/wordpress\/rockwerkstatt\/?p=233"},"modified":"2010-03-14T20:43:54","modified_gmt":"2010-03-14T19:43:54","slug":"band-2002","status":"publish","type":"post","link":"https:\/\/www.rockwerkstatt.de\/?p=233","title":{"rendered":"23.03.2002, 20:30 Uhr: Band 2002"},"content":{"rendered":"<p>An diesem Wochenende war es mal wieder soweit: im Schlachthof fand im Rahmen der Lahrer Jugendkulturtage der Bandcontest <strong>Band 2002<\/strong> statt und man kann die Veranstaltung auf jeden Fall f\u00fcr gelungen erkl\u00e4ren.<\/p>\n<p>Eigentlich wollten vier Bands miteinander wettstreiten, leider traten <strong>Viva la<\/strong><strong> mota<\/strong> jedoch nicht mehr zum Wettbewerb an, nachdem immerhin ein Musiker beim Soundcheck erschienen war. Ob verkracht oder krank geworden, ist strittig&#8230;<\/p>\n<p>Als erstes spielte die Band, die auch Sieger wurde \u2013 f\u00fcr sie v\u00f6llig \u00fcberraschend, aber sehr einstimmig von der Jury beschlossen: <strong>Die 3<\/strong> <strong>Freunde<\/strong> aus Kehl, die witzige Texte, spontane B\u00fchnenshow und viel Spa\u00df auf der B\u00fchne zu bieten hatten. Als zweite Band des Abends waren <strong>Nonsense<\/strong> zu h\u00f6ren, als drittes spielten <strong>Lunatic Fringe<\/strong> . Den beiden Bands aus Lahr ist es dann wohl auch zu verdanken, dass der Schlachthof mit \u00fcber 300 Zuh\u00f6rern gerammelt voll war, s\u00e4mtliche Sch\u00fclerausweise, die am Eingang kontrolliert wurden, lie\u00dfen auf das Max-Planck- und das Scheffel-Gymnasium in Lahr schlie\u00dfen. Trotz der vielen Fans musste es auch einen zweiten (Lunatic Fringe) und einen dritten (Nonsense) Platz geben, die Bands wurden fr\u00f6hlich beschenkt und sind hoffentlich motiviert, weiterzumachen!<br \/>\nDurch das Programm f\u00fchrte der Cr\u00e4cker, von vielen geliebt, von noch mehr Leuten gehasst. Und dann gab es da noch das Rahmenprogramm. Unsere Gewinner aus dem letzten Jahr, <strong>Selenid<\/strong>, spielten (trotz gebrochenem Arm ihres Schlagzeugers, der sich sehr wacker mit seinem Gipsarm an seinen Sticks festhielt) ihre Hits wie \u201eBoykottiert Helloween\u201c und zum Abschluss gab es noch eine Formation der Extraklasse. Mit 10 Leuten auf der B\u00fchne animierte der Eichhorn-Angriff (Sqirrel Attack) zum Tanzen und klatschen und nicht selten wurde am Eingang, wo die CDs von Lunatic Fringe und Die 3 Freunde wie warme Semmeln weggingen, nach einer CD von den Eichh\u00f6rnern gefragt. (Ihr wisst also, was ihr zu tun habt, Georg &amp; Co).<\/p>\n<p>Die LRW bedankt sich bei allen teilnehmenden Bands und den vielen Fans, die gekommen sind, hofft, dass Schm\u00e4hkritiken im G\u00e4stebuch ausbleiben und dr\u00fcckt den 3 Freunden die Daumen, wenn im Herbst die Endausscheidung bei KaBa in Kehl stattfindet.<\/p>\n","protected":false},"excerpt":{"rendered":"<p>An diesem Wochenende war es mal wieder soweit: im Schlachthof&#8230;<\/p>\n","protected":false},"author":1,"featured_media":0,"comment_status":"open","ping_status":"open","sticky":false,"template":"","format":"standard","meta":{"footnotes":"","_links_to":"","_links_to_target":""},"categories":[6],"tags":[],"class_list":["post-233","post","type-post","status-publish","format-standard","hentry","category-veranstaltungen","wpcat-6-id"],"_links":{"self":[{"href":"https:\/\/www.rockwerkstatt.de\/index.php?rest_route=\/wp\/v2\/posts\/233","targetHints":{"allow":["GET"]}}],"collection":[{"href":"https:\/\/www.rockwerkstatt.de\/index.php?rest_route=\/wp\/v2\/posts"}],"about":[{"href":"https:\/\/www.rockwerkstatt.de\/index.php?rest_route=\/wp\/v2\/types\/post"}],"author":[{"embeddable":true,"href":"https:\/\/www.rockwerkstatt.de\/index.php?rest_route=\/wp\/v2\/users\/1"}],"replies":[{"embeddable":true,"href":"https:\/\/www.rockwerkstatt.de\/index.php?rest_route=%2Fwp%2Fv2%2Fcomments&post=233"}],"version-history":[{"count":2,"href":"https:\/\/www.rockwerkstatt.de\/index.php?rest_route=\/wp\/v2\/posts\/233\/revisions"}],"predecessor-version":[{"id":594,"href":"https:\/\/www.rockwerkstatt.de\/index.php?rest_route=\/wp\/v2\/posts\/233\/revisions\/594"}],"wp:attachment":[{"href":"https:\/\/www.rockwerkstatt.de\/index.php?rest_route=%2Fwp%2Fv2%2Fmedia&parent=233"}],"wp:term":[{"taxonomy":"category","embeddable":true,"href":"https:\/\/www.rockwerkstatt.de\/index.php?rest_route=%2Fwp%2Fv2%2Fcategories&post=233"},{"taxonomy":"post_tag","embeddable":true,"href":"https:\/\/www.rockwerkstatt.de\/index.php?rest_route=%2Fwp%2Fv2%2Ftags&post=233"}],"curies":[{"name":"wp","href":"https:\/\/api.w.org\/{rel}","templated":true}]}}