{"id":253,"date":"2002-11-11T21:00:08","date_gmt":"2002-11-11T20:00:08","guid":{"rendered":"http:\/\/wp1180065.server-he.de\/wordpress\/rockwerkstatt\/?p=253"},"modified":"2010-03-18T19:05:19","modified_gmt":"2010-03-18T18:05:19","slug":"the-brothers","status":"publish","type":"post","link":"https:\/\/www.rockwerkstatt.de\/?p=253","title":{"rendered":"16.11.2002, 21:00 Uhr: The Brothers"},"content":{"rendered":"<p>Traditionsgem\u00e4\u00df geben sich die Br\u00fcder aus Freiburg die Ehre, auch dieses Jahr wieder im Schlachthof zu gastieren<\/p>\n<p><a href=\"http:\/\/wp1180065.server-he.de\/wordpress\/rockwerkstatt\/wp-content\/uploads\/2010\/03\/16_11_2002_the_brothers.jpg\"><img loading=\"lazy\" decoding=\"async\" class=\"alignleft size-full wp-image-761\" title=\"16_11_2002_the_brothers\" src=\"http:\/\/wp1180065.server-he.de\/wordpress\/rockwerkstatt\/wp-content\/uploads\/2010\/03\/16_11_2002_the_brothers.jpg\" alt=\"\" width=\"200\" height=\"328\" \/><\/a><\/p>\n","protected":false},"excerpt":{"rendered":"<p>Traditionsgem\u00e4\u00df geben sich die Br\u00fcder aus Freiburg die Ehre, auch&#8230;<\/p>\n","protected":false},"author":1,"featured_media":0,"comment_status":"open","ping_status":"open","sticky":false,"template":"","format":"standard","meta":{"footnotes":"","_links_to":"","_links_to_target":""},"categories":[6],"tags":[],"class_list":["post-253","post","type-post","status-publish","format-standard","hentry","category-veranstaltungen","wpcat-6-id"],"_links":{"self":[{"href":"https:\/\/www.rockwerkstatt.de\/index.php?rest_route=\/wp\/v2\/posts\/253","targetHints":{"allow":["GET"]}}],"collection":[{"href":"https:\/\/www.rockwerkstatt.de\/index.php?rest_route=\/wp\/v2\/posts"}],"about":[{"href":"https:\/\/www.rockwerkstatt.de\/index.php?rest_route=\/wp\/v2\/types\/post"}],"author":[{"embeddable":true,"href":"https:\/\/www.rockwerkstatt.de\/index.php?rest_route=\/wp\/v2\/users\/1"}],"replies":[{"embeddable":true,"href":"https:\/\/www.rockwerkstatt.de\/index.php?rest_route=%2Fwp%2Fv2%2Fcomments&post=253"}],"version-history":[{"count":3,"href":"https:\/\/www.rockwerkstatt.de\/index.php?rest_route=\/wp\/v2\/posts\/253\/revisions"}],"predecessor-version":[{"id":783,"href":"https:\/\/www.rockwerkstatt.de\/index.php?rest_route=\/wp\/v2\/posts\/253\/revisions\/783"}],"wp:attachment":[{"href":"https:\/\/www.rockwerkstatt.de\/index.php?rest_route=%2Fwp%2Fv2%2Fmedia&parent=253"}],"wp:term":[{"taxonomy":"category","embeddable":true,"href":"https:\/\/www.rockwerkstatt.de\/index.php?rest_route=%2Fwp%2Fv2%2Fcategories&post=253"},{"taxonomy":"post_tag","embeddable":true,"href":"https:\/\/www.rockwerkstatt.de\/index.php?rest_route=%2Fwp%2Fv2%2Ftags&post=253"}],"curies":[{"name":"wp","href":"https:\/\/api.w.org\/{rel}","templated":true}]}}