{"id":321,"date":"2003-01-25T21:00:39","date_gmt":"2003-01-25T20:00:39","guid":{"rendered":"http:\/\/wp1180065.server-he.de\/wordpress\/rockwerkstatt\/?p=321"},"modified":"2010-03-14T20:52:09","modified_gmt":"2010-03-14T19:52:09","slug":"colors-of-the-sun-the-nonsense","status":"publish","type":"post","link":"https:\/\/www.rockwerkstatt.de\/?p=321","title":{"rendered":"25.01.2003, 21:00 Uhr: Colors of the Sun + The Nonsense"},"content":{"rendered":"<p>Zum Start in die Konzertsaison gleich ein Knaller &#8211; ein mitrei\u00dfendes Konzert mit Jump-Garantie. Sie sind Stammg\u00e4ste auf dem ZMF in Freiburg, waren Support Act von Clawfinger und Reamonn, und sie haben den Sprung in die \u00fcberregionale Clublandschaft geschafft. Das liegt vor allem daran, dass Colors of the Sun ihre ganz eigene Sicht der Dinge pr\u00e4sentieren, und die hei\u00dft Psycho Hardfunk: viel Rhythmisches, viel Hartes und nicht wenig Abgedrehtes sorgen daf\u00fcr, dass nicht nur der geneigte Zuh\u00f6rer in ekstatische Zust\u00e4nde f\u00e4llt!<\/p>\n<p>Unterst\u00fctzt werden Colors of the Sun von den zweitplazierten des letztj\u00e4hrigen Newcomerwettbewerbs: The Nonsense &#8211; eine junge Lahrer Band mit rockig &#8211; punkigen Sounds.<\/p>\n","protected":false},"excerpt":{"rendered":"<p>Zum Start in die Konzertsaison gleich ein Knaller &#8211; ein&#8230;<\/p>\n","protected":false},"author":1,"featured_media":0,"comment_status":"open","ping_status":"open","sticky":false,"template":"","format":"standard","meta":{"footnotes":"","_links_to":"","_links_to_target":""},"categories":[6],"tags":[],"class_list":["post-321","post","type-post","status-publish","format-standard","hentry","category-veranstaltungen","wpcat-6-id"],"_links":{"self":[{"href":"https:\/\/www.rockwerkstatt.de\/index.php?rest_route=\/wp\/v2\/posts\/321","targetHints":{"allow":["GET"]}}],"collection":[{"href":"https:\/\/www.rockwerkstatt.de\/index.php?rest_route=\/wp\/v2\/posts"}],"about":[{"href":"https:\/\/www.rockwerkstatt.de\/index.php?rest_route=\/wp\/v2\/types\/post"}],"author":[{"embeddable":true,"href":"https:\/\/www.rockwerkstatt.de\/index.php?rest_route=\/wp\/v2\/users\/1"}],"replies":[{"embeddable":true,"href":"https:\/\/www.rockwerkstatt.de\/index.php?rest_route=%2Fwp%2Fv2%2Fcomments&post=321"}],"version-history":[{"count":3,"href":"https:\/\/www.rockwerkstatt.de\/index.php?rest_route=\/wp\/v2\/posts\/321\/revisions"}],"predecessor-version":[{"id":609,"href":"https:\/\/www.rockwerkstatt.de\/index.php?rest_route=\/wp\/v2\/posts\/321\/revisions\/609"}],"wp:attachment":[{"href":"https:\/\/www.rockwerkstatt.de\/index.php?rest_route=%2Fwp%2Fv2%2Fmedia&parent=321"}],"wp:term":[{"taxonomy":"category","embeddable":true,"href":"https:\/\/www.rockwerkstatt.de\/index.php?rest_route=%2Fwp%2Fv2%2Fcategories&post=321"},{"taxonomy":"post_tag","embeddable":true,"href":"https:\/\/www.rockwerkstatt.de\/index.php?rest_route=%2Fwp%2Fv2%2Ftags&post=321"}],"curies":[{"name":"wp","href":"https:\/\/api.w.org\/{rel}","templated":true}]}}