{"id":326,"date":"2003-03-08T21:00:13","date_gmt":"2003-03-08T20:00:13","guid":{"rendered":"http:\/\/wp1180065.server-he.de\/wordpress\/rockwerkstatt\/?p=326"},"modified":"2010-03-21T16:18:41","modified_gmt":"2010-03-21T15:18:41","slug":"the-jaded-leopold-kraus-wellenkapelle","status":"publish","type":"post","link":"https:\/\/www.rockwerkstatt.de\/?p=326","title":{"rendered":"08.03.2003, 21:00 Uhr: The Jaded + Leopold Kraus Wellenkapelle"},"content":{"rendered":"<p><a href=\"http:\/\/wp1180065.server-he.de\/wordpress\/rockwerkstatt\/wp-content\/uploads\/2010\/03\/08_03_2003_thejaded.jpg\"><img loading=\"lazy\" decoding=\"async\" class=\"alignnone size-full wp-image-748\" title=\"08_03_2003_thejaded\" src=\"http:\/\/wp1180065.server-he.de\/wordpress\/rockwerkstatt\/wp-content\/uploads\/2010\/03\/08_03_2003_thejaded.jpg\" alt=\"\" width=\"240\" height=\"222\" \/><\/a><\/p>\n<p>The 60\u2019s are back. Die Lahrer Beatkapelle The Jaded l\u00e4dt ein weiteres Mal zum Schwofen ein: Mit flotten Eigenkompositionen serviert das Quartett &#8222;Spitzenbeat von Welt, live und in Farbe&#8220;. Und wenn zur Sputnik-Weltraumorgel die Cartwrights \u00fcber die B\u00fchne reiten, und &#8222;Miss Marple&#8220; beim &#8222;Tanztee zu Baden-Baden&#8220; geh\u00f6rig \u00fcber die Str\u00e4nge schl\u00e4gt, muss man einfach mitgehen.<\/p>\n<p>60\u2019s Surf und Instrumental Beat tr\u00e4gt die Wellenkapelle so vor als w\u00e4ren Dr. Klaus J\u00fcrgen Wussow und Pulp Fiction unzertrennlich. Nicht zu Unrecht haben sie auch den Titel \u201cThe Kings of Black Forest Surf\u201d und sie geben nicht auf, bevor im Tanzsaal die Scheiben beschlagen.<\/p>\n<p>Vorverkauf: KulTourB\u00fcro<\/p>\n","protected":false},"excerpt":{"rendered":"<p>The 60\u2019s are back. Die Lahrer Beatkapelle The Jaded l\u00e4dt&#8230;<\/p>\n","protected":false},"author":1,"featured_media":0,"comment_status":"open","ping_status":"open","sticky":false,"template":"","format":"standard","meta":{"footnotes":"","_links_to":"","_links_to_target":""},"categories":[6],"tags":[],"class_list":["post-326","post","type-post","status-publish","format-standard","hentry","category-veranstaltungen","wpcat-6-id"],"_links":{"self":[{"href":"https:\/\/www.rockwerkstatt.de\/index.php?rest_route=\/wp\/v2\/posts\/326","targetHints":{"allow":["GET"]}}],"collection":[{"href":"https:\/\/www.rockwerkstatt.de\/index.php?rest_route=\/wp\/v2\/posts"}],"about":[{"href":"https:\/\/www.rockwerkstatt.de\/index.php?rest_route=\/wp\/v2\/types\/post"}],"author":[{"embeddable":true,"href":"https:\/\/www.rockwerkstatt.de\/index.php?rest_route=\/wp\/v2\/users\/1"}],"replies":[{"embeddable":true,"href":"https:\/\/www.rockwerkstatt.de\/index.php?rest_route=%2Fwp%2Fv2%2Fcomments&post=326"}],"version-history":[{"count":3,"href":"https:\/\/www.rockwerkstatt.de\/index.php?rest_route=\/wp\/v2\/posts\/326\/revisions"}],"predecessor-version":[{"id":798,"href":"https:\/\/www.rockwerkstatt.de\/index.php?rest_route=\/wp\/v2\/posts\/326\/revisions\/798"}],"wp:attachment":[{"href":"https:\/\/www.rockwerkstatt.de\/index.php?rest_route=%2Fwp%2Fv2%2Fmedia&parent=326"}],"wp:term":[{"taxonomy":"category","embeddable":true,"href":"https:\/\/www.rockwerkstatt.de\/index.php?rest_route=%2Fwp%2Fv2%2Fcategories&post=326"},{"taxonomy":"post_tag","embeddable":true,"href":"https:\/\/www.rockwerkstatt.de\/index.php?rest_route=%2Fwp%2Fv2%2Ftags&post=326"}],"curies":[{"name":"wp","href":"https:\/\/api.w.org\/{rel}","templated":true}]}}