{"id":355,"date":"2003-12-13T21:00:36","date_gmt":"2003-12-13T20:00:36","guid":{"rendered":"http:\/\/wp1180065.server-he.de\/wordpress\/rockwerkstatt\/?p=355"},"modified":"2010-03-14T20:59:02","modified_gmt":"2010-03-14T19:59:02","slug":"planeausters-bitter-end","status":"publish","type":"post","link":"https:\/\/www.rockwerkstatt.de\/?p=355","title":{"rendered":"13.12.2003, 21:00 Uhr: Planeausters + Bitter End"},"content":{"rendered":"<p>Die \u201ePlaneausters\u201c spielen wundersch\u00f6nen, melodi\u00f6sen Gitarrenpop, der manchmal an Velvet Underground erinnernt. Im Zusammenspiel mit den teilweise rauen Arrangements erzeugt S\u00e4nger Michael Moravek eine fast hypnotische Spannung und so lassen die \u201ePlaneausters\u201c ein ums andere Mal ihre Song-Flugzeuge steigen. Deshalb ist es kaum verwunderlich, dass die H\u00f6rer des Berliner Kult Radios \u201eFritz\u201c den \u201eInsect Song\u201c der Band zum Song der Woche w\u00e4hlten.<\/p>\n<p>Unterst\u00fctzt werden die \u201ePlaneausters\u201c an diesem Abend von der Lahrer Neuentdeckung \u201eBitter End\u201c. Die vierk\u00f6pfige Formation um S\u00e4ngerin Friddy Kopf war mit ihrem Kurzauftritt eine der positiven \u00dcberraschungen beim UNITED LAHRTIST &#8211; Konzert im November im Schlachthof. Grund genug \u201eBitter End\u201c gleich eine weitere Chance zu geben.<\/p>\n<p>Kein Vorverkauf \u2013 nur Abendkasse. Kartenreservierung per e-mail m\u00f6glich unter: vorverkauf@rockwerkstatt.de<\/p>\n","protected":false},"excerpt":{"rendered":"<p>Die \u201ePlaneausters\u201c spielen wundersch\u00f6nen, melodi\u00f6sen Gitarrenpop, der manchmal an Velvet&#8230;<\/p>\n","protected":false},"author":1,"featured_media":0,"comment_status":"open","ping_status":"open","sticky":false,"template":"","format":"standard","meta":{"footnotes":"","_links_to":"","_links_to_target":""},"categories":[6],"tags":[],"class_list":["post-355","post","type-post","status-publish","format-standard","hentry","category-veranstaltungen","wpcat-6-id"],"_links":{"self":[{"href":"https:\/\/www.rockwerkstatt.de\/index.php?rest_route=\/wp\/v2\/posts\/355","targetHints":{"allow":["GET"]}}],"collection":[{"href":"https:\/\/www.rockwerkstatt.de\/index.php?rest_route=\/wp\/v2\/posts"}],"about":[{"href":"https:\/\/www.rockwerkstatt.de\/index.php?rest_route=\/wp\/v2\/types\/post"}],"author":[{"embeddable":true,"href":"https:\/\/www.rockwerkstatt.de\/index.php?rest_route=\/wp\/v2\/users\/1"}],"replies":[{"embeddable":true,"href":"https:\/\/www.rockwerkstatt.de\/index.php?rest_route=%2Fwp%2Fv2%2Fcomments&post=355"}],"version-history":[{"count":2,"href":"https:\/\/www.rockwerkstatt.de\/index.php?rest_route=\/wp\/v2\/posts\/355\/revisions"}],"predecessor-version":[{"id":625,"href":"https:\/\/www.rockwerkstatt.de\/index.php?rest_route=\/wp\/v2\/posts\/355\/revisions\/625"}],"wp:attachment":[{"href":"https:\/\/www.rockwerkstatt.de\/index.php?rest_route=%2Fwp%2Fv2%2Fmedia&parent=355"}],"wp:term":[{"taxonomy":"category","embeddable":true,"href":"https:\/\/www.rockwerkstatt.de\/index.php?rest_route=%2Fwp%2Fv2%2Fcategories&post=355"},{"taxonomy":"post_tag","embeddable":true,"href":"https:\/\/www.rockwerkstatt.de\/index.php?rest_route=%2Fwp%2Fv2%2Ftags&post=355"}],"curies":[{"name":"wp","href":"https:\/\/api.w.org\/{rel}","templated":true}]}}