{"id":379,"date":"2004-04-02T21:00:35","date_gmt":"2004-04-02T20:00:35","guid":{"rendered":"http:\/\/wp1180065.server-he.de\/wordpress\/rockwerkstatt\/?p=379"},"modified":"2010-03-21T16:22:41","modified_gmt":"2010-03-21T15:22:41","slug":"superguru-confused","status":"publish","type":"post","link":"https:\/\/www.rockwerkstatt.de\/?p=379","title":{"rendered":"02.04.2004, 21:00 Uhr: Superguru + Confused"},"content":{"rendered":"<p><a href=\"http:\/\/wp1180065.server-he.de\/wordpress\/rockwerkstatt\/wp-content\/uploads\/2010\/03\/02_04_2004_Superguru.jpg\"><img loading=\"lazy\" decoding=\"async\" class=\"alignnone size-medium wp-image-744\" title=\"02_04_2004_Superguru\" src=\"http:\/\/wp1180065.server-he.de\/wordpress\/rockwerkstatt\/wp-content\/uploads\/2010\/03\/02_04_2004_Superguru-300x240.jpg\" alt=\"\" width=\"300\" height=\"240\" srcset=\"https:\/\/www.rockwerkstatt.de\/wp-content\/uploads\/2010\/03\/02_04_2004_Superguru-300x240.jpg 300w, https:\/\/www.rockwerkstatt.de\/wp-content\/uploads\/2010\/03\/02_04_2004_Superguru.jpg 787w\" sizes=\"auto, (max-width: 300px) 100vw, 300px\" \/><\/a><\/p>\n<p>&#8222;Who rocks the hall?&#8220; hei\u00dft die neue CD von SUPERGURU. In den Lahrer Neuwerkhof-Studios haben die Mannen um Andi Callie\u00df (vox) und Matze Ambs (guit.) m\u00e4chtig rangeklotzt um ihren &#8222;Hauptschulrock&#8220; auf CD zu bannen.<\/p>\n<p>Mit dabei ist die Lahrer Newcomerhoffnung Confused mit ihren Grungecore.<\/p>\n","protected":false},"excerpt":{"rendered":"<p>&#8222;Who rocks the hall?&#8220; hei\u00dft die neue CD von SUPERGURU&#8230;.<\/p>\n","protected":false},"author":1,"featured_media":0,"comment_status":"open","ping_status":"open","sticky":false,"template":"","format":"standard","meta":{"footnotes":"","_links_to":"","_links_to_target":""},"categories":[6],"tags":[],"class_list":["post-379","post","type-post","status-publish","format-standard","hentry","category-veranstaltungen","wpcat-6-id"],"_links":{"self":[{"href":"https:\/\/www.rockwerkstatt.de\/index.php?rest_route=\/wp\/v2\/posts\/379","targetHints":{"allow":["GET"]}}],"collection":[{"href":"https:\/\/www.rockwerkstatt.de\/index.php?rest_route=\/wp\/v2\/posts"}],"about":[{"href":"https:\/\/www.rockwerkstatt.de\/index.php?rest_route=\/wp\/v2\/types\/post"}],"author":[{"embeddable":true,"href":"https:\/\/www.rockwerkstatt.de\/index.php?rest_route=\/wp\/v2\/users\/1"}],"replies":[{"embeddable":true,"href":"https:\/\/www.rockwerkstatt.de\/index.php?rest_route=%2Fwp%2Fv2%2Fcomments&post=379"}],"version-history":[{"count":4,"href":"https:\/\/www.rockwerkstatt.de\/index.php?rest_route=\/wp\/v2\/posts\/379\/revisions"}],"predecessor-version":[{"id":803,"href":"https:\/\/www.rockwerkstatt.de\/index.php?rest_route=\/wp\/v2\/posts\/379\/revisions\/803"}],"wp:attachment":[{"href":"https:\/\/www.rockwerkstatt.de\/index.php?rest_route=%2Fwp%2Fv2%2Fmedia&parent=379"}],"wp:term":[{"taxonomy":"category","embeddable":true,"href":"https:\/\/www.rockwerkstatt.de\/index.php?rest_route=%2Fwp%2Fv2%2Fcategories&post=379"},{"taxonomy":"post_tag","embeddable":true,"href":"https:\/\/www.rockwerkstatt.de\/index.php?rest_route=%2Fwp%2Fv2%2Ftags&post=379"}],"curies":[{"name":"wp","href":"https:\/\/api.w.org\/{rel}","templated":true}]}}