{"id":387,"date":"2004-05-08T21:00:21","date_gmt":"2004-05-08T20:00:21","guid":{"rendered":"http:\/\/wp1180065.server-he.de\/wordpress\/rockwerkstatt\/?p=387"},"modified":"2010-03-21T16:16:21","modified_gmt":"2010-03-21T15:16:21","slug":"the-brothers-2","status":"publish","type":"post","link":"https:\/\/www.rockwerkstatt.de\/?p=387","title":{"rendered":"08.05.2004, 21:00 Uhr: The Brothers"},"content":{"rendered":"<p><a href=\"http:\/\/wp1180065.server-he.de\/wordpress\/rockwerkstatt\/wp-content\/uploads\/2010\/03\/08_05_2004_Brothers.jpg\"><img loading=\"lazy\" decoding=\"async\" class=\"alignnone size-medium wp-image-750\" title=\"08_05_2004_Brothers\" src=\"http:\/\/wp1180065.server-he.de\/wordpress\/rockwerkstatt\/wp-content\/uploads\/2010\/03\/08_05_2004_Brothers-276x300.jpg\" alt=\"\" width=\"276\" height=\"300\" srcset=\"https:\/\/www.rockwerkstatt.de\/wp-content\/uploads\/2010\/03\/08_05_2004_Brothers-276x300.jpg 276w, https:\/\/www.rockwerkstatt.de\/wp-content\/uploads\/2010\/03\/08_05_2004_Brothers.jpg 803w\" sizes=\"auto, (max-width: 276px) 100vw, 276px\" \/><\/a><\/p>\n<p>Letzte Weihnachten pr\u00e4sentierten sie die Brothers special BeatlesNight. Nun sind sie in Lahr wieder mit ihren eigenen, rockigen Songs zu h\u00f6ren &#8211; eing\u00e4ngige Rockmusik mit vierstimmigem Satzgesang und aCapella Einlagen.<\/p>\n","protected":false},"excerpt":{"rendered":"<p>Letzte Weihnachten pr\u00e4sentierten sie die Brothers special BeatlesNight. Nun sind&#8230;<\/p>\n","protected":false},"author":1,"featured_media":0,"comment_status":"open","ping_status":"open","sticky":false,"template":"","format":"standard","meta":{"footnotes":"","_links_to":"","_links_to_target":""},"categories":[6],"tags":[],"class_list":["post-387","post","type-post","status-publish","format-standard","hentry","category-veranstaltungen","wpcat-6-id"],"_links":{"self":[{"href":"https:\/\/www.rockwerkstatt.de\/index.php?rest_route=\/wp\/v2\/posts\/387","targetHints":{"allow":["GET"]}}],"collection":[{"href":"https:\/\/www.rockwerkstatt.de\/index.php?rest_route=\/wp\/v2\/posts"}],"about":[{"href":"https:\/\/www.rockwerkstatt.de\/index.php?rest_route=\/wp\/v2\/types\/post"}],"author":[{"embeddable":true,"href":"https:\/\/www.rockwerkstatt.de\/index.php?rest_route=\/wp\/v2\/users\/1"}],"replies":[{"embeddable":true,"href":"https:\/\/www.rockwerkstatt.de\/index.php?rest_route=%2Fwp%2Fv2%2Fcomments&post=387"}],"version-history":[{"count":3,"href":"https:\/\/www.rockwerkstatt.de\/index.php?rest_route=\/wp\/v2\/posts\/387\/revisions"}],"predecessor-version":[{"id":796,"href":"https:\/\/www.rockwerkstatt.de\/index.php?rest_route=\/wp\/v2\/posts\/387\/revisions\/796"}],"wp:attachment":[{"href":"https:\/\/www.rockwerkstatt.de\/index.php?rest_route=%2Fwp%2Fv2%2Fmedia&parent=387"}],"wp:term":[{"taxonomy":"category","embeddable":true,"href":"https:\/\/www.rockwerkstatt.de\/index.php?rest_route=%2Fwp%2Fv2%2Fcategories&post=387"},{"taxonomy":"post_tag","embeddable":true,"href":"https:\/\/www.rockwerkstatt.de\/index.php?rest_route=%2Fwp%2Fv2%2Ftags&post=387"}],"curies":[{"name":"wp","href":"https:\/\/api.w.org\/{rel}","templated":true}]}}