{"id":421,"date":"2005-02-19T21:00:43","date_gmt":"2005-02-19T20:00:43","guid":{"rendered":"http:\/\/wp1180065.server-he.de\/wordpress\/rockwerkstatt\/?p=421"},"modified":"2010-03-18T17:25:30","modified_gmt":"2010-03-18T16:25:30","slug":"colors-of-the-sun-confused-sick-of-the-law","status":"publish","type":"post","link":"https:\/\/www.rockwerkstatt.de\/?p=421","title":{"rendered":"19.02.2005, 21:00 Uhr: Colors of the Sun + Confused + Sick of the Law"},"content":{"rendered":"<p>Die &#8222;Colors&#8220; nennen ihren Stil &#8222;Psycho.Hardfunk&#8220;, bereits nach wenigen Takten erkennt man ihren unvergleichlichen Stil. Harte Gitarrenriffs und rhythmisch ausgefeilte Beats garniert mit einer Prise &#8222;psychedelic&#8220;, liefern den Boden f\u00fcr die hitverd\u00e4chtigen Refrainvocals. Sie sind eine der besten Live-Bands im wilden S\u00fcden!<\/p>\n<p>Bei der Lahrer Lokalmatadoren Confused hat sich viel getan: Der zweite Platz beim \u00fcberregionalen &#8222;KABa rockt&#8220; Festival ist nur ein Indiz daf\u00fcr, dass das Quartett so langsam aber sicher zu den etablierten Bands gez\u00e4hlt werden muss!<\/p>\n<p>Sick of the law sind zwar noch verdammt jung, gehen aber schon m\u00e4chtig zur Sache!<\/p>\n","protected":false},"excerpt":{"rendered":"<p>Die &#8222;Colors&#8220; nennen ihren Stil &#8222;Psycho.Hardfunk&#8220;, bereits nach wenigen Takten&#8230;<\/p>\n","protected":false},"author":1,"featured_media":0,"comment_status":"open","ping_status":"open","sticky":false,"template":"","format":"standard","meta":{"footnotes":"","_links_to":"","_links_to_target":""},"categories":[6],"tags":[],"class_list":["post-421","post","type-post","status-publish","format-standard","hentry","category-veranstaltungen","wpcat-6-id"],"_links":{"self":[{"href":"https:\/\/www.rockwerkstatt.de\/index.php?rest_route=\/wp\/v2\/posts\/421","targetHints":{"allow":["GET"]}}],"collection":[{"href":"https:\/\/www.rockwerkstatt.de\/index.php?rest_route=\/wp\/v2\/posts"}],"about":[{"href":"https:\/\/www.rockwerkstatt.de\/index.php?rest_route=\/wp\/v2\/types\/post"}],"author":[{"embeddable":true,"href":"https:\/\/www.rockwerkstatt.de\/index.php?rest_route=\/wp\/v2\/users\/1"}],"replies":[{"embeddable":true,"href":"https:\/\/www.rockwerkstatt.de\/index.php?rest_route=%2Fwp%2Fv2%2Fcomments&post=421"}],"version-history":[{"count":2,"href":"https:\/\/www.rockwerkstatt.de\/index.php?rest_route=\/wp\/v2\/posts\/421\/revisions"}],"predecessor-version":[{"id":657,"href":"https:\/\/www.rockwerkstatt.de\/index.php?rest_route=\/wp\/v2\/posts\/421\/revisions\/657"}],"wp:attachment":[{"href":"https:\/\/www.rockwerkstatt.de\/index.php?rest_route=%2Fwp%2Fv2%2Fmedia&parent=421"}],"wp:term":[{"taxonomy":"category","embeddable":true,"href":"https:\/\/www.rockwerkstatt.de\/index.php?rest_route=%2Fwp%2Fv2%2Fcategories&post=421"},{"taxonomy":"post_tag","embeddable":true,"href":"https:\/\/www.rockwerkstatt.de\/index.php?rest_route=%2Fwp%2Fv2%2Ftags&post=421"}],"curies":[{"name":"wp","href":"https:\/\/api.w.org\/{rel}","templated":true}]}}