{"id":529,"date":"2008-01-26T20:00:43","date_gmt":"2008-01-26T19:00:43","guid":{"rendered":"http:\/\/wp1180065.server-he.de\/wordpress\/rockwerkstatt\/?p=529"},"modified":"2010-03-18T17:49:26","modified_gmt":"2010-03-18T16:49:26","slug":"20-jahre-bigband-w-in-memoriam-carlo","status":"publish","type":"post","link":"https:\/\/www.rockwerkstatt.de\/?p=529","title":{"rendered":"26.01.2008, 20:00 Uhr: 20 Jahre Bigband W &#8211; in memoriam Carlo"},"content":{"rendered":"<p>Die Auswahl der St\u00fccke soll die Historie der Big Band \u201eW\u201c musikalisch aufzeigen. Klassiker aus den Anfangsjahren werden ebenso zu h\u00f6ren sein wie die langj\u00e4hrige Bandhymne \u201eLahr Drive\u201c. Ein weiterer H\u00f6hepunkt d\u00fcrften die Beitr\u00e4ge verschiedener G\u00e4ste wie zum Beispiel der Freiburger Tenorsaxophonist Holger Rohn sein.<br \/>\nIsabel Haist wird das Publikum wieder mit ihrer Stimme verzaubern.<\/p>\n","protected":false},"excerpt":{"rendered":"<p>Die Auswahl der St\u00fccke soll die Historie der Big Band&#8230;<\/p>\n","protected":false},"author":1,"featured_media":0,"comment_status":"open","ping_status":"open","sticky":false,"template":"","format":"standard","meta":{"footnotes":"","_links_to":"","_links_to_target":""},"categories":[6],"tags":[],"class_list":["post-529","post","type-post","status-publish","format-standard","hentry","category-veranstaltungen","wpcat-6-id"],"_links":{"self":[{"href":"https:\/\/www.rockwerkstatt.de\/index.php?rest_route=\/wp\/v2\/posts\/529","targetHints":{"allow":["GET"]}}],"collection":[{"href":"https:\/\/www.rockwerkstatt.de\/index.php?rest_route=\/wp\/v2\/posts"}],"about":[{"href":"https:\/\/www.rockwerkstatt.de\/index.php?rest_route=\/wp\/v2\/types\/post"}],"author":[{"embeddable":true,"href":"https:\/\/www.rockwerkstatt.de\/index.php?rest_route=\/wp\/v2\/users\/1"}],"replies":[{"embeddable":true,"href":"https:\/\/www.rockwerkstatt.de\/index.php?rest_route=%2Fwp%2Fv2%2Fcomments&post=529"}],"version-history":[{"count":2,"href":"https:\/\/www.rockwerkstatt.de\/index.php?rest_route=\/wp\/v2\/posts\/529\/revisions"}],"predecessor-version":[{"id":710,"href":"https:\/\/www.rockwerkstatt.de\/index.php?rest_route=\/wp\/v2\/posts\/529\/revisions\/710"}],"wp:attachment":[{"href":"https:\/\/www.rockwerkstatt.de\/index.php?rest_route=%2Fwp%2Fv2%2Fmedia&parent=529"}],"wp:term":[{"taxonomy":"category","embeddable":true,"href":"https:\/\/www.rockwerkstatt.de\/index.php?rest_route=%2Fwp%2Fv2%2Fcategories&post=529"},{"taxonomy":"post_tag","embeddable":true,"href":"https:\/\/www.rockwerkstatt.de\/index.php?rest_route=%2Fwp%2Fv2%2Ftags&post=529"}],"curies":[{"name":"wp","href":"https:\/\/api.w.org\/{rel}","templated":true}]}}