{"id":9419,"date":"2026-03-07T08:04:00","date_gmt":"2026-03-07T07:04:00","guid":{"rendered":"https:\/\/www.rockwerkstatt.de\/?p=9419"},"modified":"2026-04-08T10:32:35","modified_gmt":"2026-04-08T08:32:35","slug":"tanz-in-den-mai-8","status":"publish","type":"post","link":"https:\/\/www.rockwerkstatt.de\/?p=9419","title":{"rendered":"Tanz in den Mai"},"content":{"rendered":"\n<p class=\"has-text-align-center\">Do., 30.04. &#8211; ab 20.00 Uhr<\/p>\n\n\n\n<p>Die Mega Mai Party &#8211; der\u00a0Schlachthof \u00f6ffnet wieder\u00a0seine Tore f\u00fcr eine unvergessliche Nacht voller Musik, Stimmung und guter Laune.<\/p>\n\n\n\n<figure class=\"wp-block-image size-full\"><a href=\"https:\/\/www.rockwerkstatt.de\/wp-content\/uploads\/2026\/03\/2026_TiM_2.jpg\"><img loading=\"lazy\" decoding=\"async\" width=\"790\" height=\"408\" src=\"https:\/\/www.rockwerkstatt.de\/wp-content\/uploads\/2026\/03\/2026_TiM_2.jpg\" alt=\"\" class=\"wp-image-9433\" srcset=\"https:\/\/www.rockwerkstatt.de\/wp-content\/uploads\/2026\/03\/2026_TiM_2.jpg 790w, https:\/\/www.rockwerkstatt.de\/wp-content\/uploads\/2026\/03\/2026_TiM_2-300x155.jpg 300w, https:\/\/www.rockwerkstatt.de\/wp-content\/uploads\/2026\/03\/2026_TiM_2-768x397.jpg 768w\" sizes=\"auto, (max-width: 790px) 100vw, 790px\" \/><\/a><\/figure>\n\n\n\n<!--more-->\n\n\n\n<p>Egal, ob du mit Freunden, Familie oder Kollegen kommst \u2013 hier wird gemeinsam der Start in den Mai gefeiert!<\/p>\n\n\n\n<p>Mit\u00a0<strong>ULTIMO<\/strong>, der\u00a0Event-Band des wilden S\u00fcdens, wird die B\u00fchne zum Mittelpunkt der Party. Die Band sorgt mit mitrei\u00dfenden Live-Kl\u00e4ngen f\u00fcr Stimmung, w\u00e4hrend\u00a0<strong>DJ Patrick Strub<\/strong>\u00a0mit seinen Beats daf\u00fcr garantiert, dass niemand stillstehen bleibt. Doch nicht nur die Musik macht diesen Abend besonders: Das\u00a0<strong>Haarspitzenteam Bauer<\/strong>\u00a0steht bereit, um euch mit dem perfekten Party-Look zu stylen, und der\u00a0illuminierte Au\u00dfenbereich\u00a0schafft eine magische Atmosph\u00e4re. An der\u00a0Cocktailbar\u00a0und am\u00a0Bierwagen\u00a0gibt es erfrischende Drinks, damit die Feierlaune nicht nachl\u00e4sst. Und das Beste? Es gibt noch viele weitere \u00dcberraschungen, die den Abend unvergesslich machen!<br>Schnappt euch eure Lieblingsmenschen und kommt vorbei \u2013 es wird eine Nacht, die ihr nicht verpassen wollt!<br>Wir freuen uns auf euch \u2013 lasst uns gemeinsam in den Mai tanzen!<\/p>\n\n\n\n<p>Karten gibt es im Vorverkauf f\u00fcr 7,- im KulTourB\u00fcro Lahr (Abendkasse 10,-) oder k\u00f6nnen bei www.eventfrog.de ganz einfach online bestellt, bezahlt und ausgedruckt werden. Hier der direkte Ticketlink: <a href=\"https:\/\/eventfrog.de\/de\/p\/partys\/pop-rock\/tanz-in-den-mai-2026-7447556345111268968.html\">https:\/\/eventfrog.de\/de\/p\/partys\/pop-rock\/tanz-in-den-mai-2026-7447556345111268968.html<\/a><\/p>\n\n\n\n<figure class=\"wp-block-embed is-type-video is-provider-youtube wp-block-embed-youtube wp-embed-aspect-16-9 wp-has-aspect-ratio\"><div class=\"wp-block-embed__wrapper\">\n<iframe loading=\"lazy\" title=\"Schlachthof Lahr 2025\" width=\"500\" height=\"281\" src=\"https:\/\/www.youtube.com\/embed\/0IXJGqaaZAA?feature=oembed\" frameborder=\"0\" allow=\"accelerometer; autoplay; clipboard-write; encrypted-media; gyroscope; picture-in-picture; web-share\" referrerpolicy=\"strict-origin-when-cross-origin\" allowfullscreen><\/iframe>\n<\/div><\/figure>\n","protected":false},"excerpt":{"rendered":"<p>Do., 30.04. &#8211; ab 20.00 Uhr Die Mega Mai Party&#8230;<\/p>\n","protected":false},"author":2,"featured_media":0,"comment_status":"closed","ping_status":"closed","sticky":false,"template":"","format":"standard","meta":{"footnotes":"","_links_to":"","_links_to_target":""},"categories":[1],"tags":[],"class_list":["post-9419","post","type-post","status-publish","format-standard","hentry","category-allgemein","wpcat-1-id"],"_links":{"self":[{"href":"https:\/\/www.rockwerkstatt.de\/index.php?rest_route=\/wp\/v2\/posts\/9419","targetHints":{"allow":["GET"]}}],"collection":[{"href":"https:\/\/www.rockwerkstatt.de\/index.php?rest_route=\/wp\/v2\/posts"}],"about":[{"href":"https:\/\/www.rockwerkstatt.de\/index.php?rest_route=\/wp\/v2\/types\/post"}],"author":[{"embeddable":true,"href":"https:\/\/www.rockwerkstatt.de\/index.php?rest_route=\/wp\/v2\/users\/2"}],"replies":[{"embeddable":true,"href":"https:\/\/www.rockwerkstatt.de\/index.php?rest_route=%2Fwp%2Fv2%2Fcomments&post=9419"}],"version-history":[{"count":5,"href":"https:\/\/www.rockwerkstatt.de\/index.php?rest_route=\/wp\/v2\/posts\/9419\/revisions"}],"predecessor-version":[{"id":9436,"href":"https:\/\/www.rockwerkstatt.de\/index.php?rest_route=\/wp\/v2\/posts\/9419\/revisions\/9436"}],"wp:attachment":[{"href":"https:\/\/www.rockwerkstatt.de\/index.php?rest_route=%2Fwp%2Fv2%2Fmedia&parent=9419"}],"wp:term":[{"taxonomy":"category","embeddable":true,"href":"https:\/\/www.rockwerkstatt.de\/index.php?rest_route=%2Fwp%2Fv2%2Fcategories&post=9419"},{"taxonomy":"post_tag","embeddable":true,"href":"https:\/\/www.rockwerkstatt.de\/index.php?rest_route=%2Fwp%2Fv2%2Ftags&post=9419"}],"curies":[{"name":"wp","href":"https:\/\/api.w.org\/{rel}","templated":true}]}}